{"id":71,"date":"2006-12-13T13:34:12","date_gmt":"2006-12-13T12:34:12","guid":{"rendered":"http:\/\/atest2000.pl\/2006\/12\/13\/prezenatcje-2006\/"},"modified":"2006-12-13T13:34:12","modified_gmt":"2006-12-13T12:34:12","slug":"prezenatcje-2006","status":"publish","type":"post","link":"http:\/\/atest2000.pl\/?p=71","title":{"rendered":"Doroczna wystawa Prezenatcje 2006"},"content":{"rendered":"<p><span>Przedruk z serwisu <a href=\"http:\/\/www.jaroslaw.pl\/cms_news\/index.php?msg_arch=1&amp;id_msg_pk=599\" onclick=\"javascript:_gaq.push(['_trackEvent','outbound-article','http:\/\/www.jaroslaw.pl']);\">www.jaroslaw.pl<\/a> &#8211; 11.12.2006\u00a0<\/span><br \/>\n<strong>Doroczn\u0105 wystaw\u0119 Jaros\u0142awskiego Towarzystwa Fotograficznego &#8222;Atest 2000&#8221; zatytu\u0142owan\u0105 &#8222;Prezentacje 2006&#8221; mo\u017cna obejrze\u0107 w &#8222;Ma\u0142ej Galerii&#8221;.<\/strong><!--more--><\/p>\n<p align=\"justify\"><font size=\"2\" face=\"Verdana\"><em>\u00a0\u00a0\u00a0\u00a0\u00a0 <\/em>W \u201eMa\u0142ej Galerii\u201d Miejskiego O\u015brodka Kultury w Jaros\u0142awiu 8 grudnia br. odby\u0142a si\u0119 doroczna wystawa Jaros\u0142awskiego Towarzystwa Fotograficznego \u201eATEST 2000\u201d pod tytu\u0142em \u201ePrezentacje 2006\u201d. W galerii swoje prace wystawiali: <strong>El\u017cbieta \u015aliwi\u0144ska<\/strong>, <strong>Monika Waliczek<\/strong>, <strong>Andrzej<\/strong> <strong>Kowalski<\/strong>, <strong>Janusz Iwaszek<\/strong>, <strong>Andrzej Gw\u00f3\u017ad\u017a<\/strong>, <strong>Tadeusz Jamr\u00f3z<\/strong>, <strong>Jacek Jamr\u00f3z<\/strong>,<strong> Ziemowit Kisz<\/strong>,<strong> \u0141ukasz Roga<\/strong>, <strong>Janusz Szatko<\/strong>, <strong>Damian Waliczek<\/strong>, <strong>Tomasz Gilarski<\/strong>, <strong>Krzysztof Ziemba<\/strong>, <strong>Stanis\u0142aw Tkacz<\/strong>, <strong>Krzysztof Mruk<\/strong>, <strong>Ryszard Michno<\/strong>\u00a0oraz <strong>Jerzy \u015alusarz<\/strong>. Ka\u017cdy z autor\u00f3w poprzez swoje prace stara\u0142 sie pokaza\u0107 w\u0142asny styl i potencja\u0142 tw\u00f3rczy jakim dysponuje, a tak\u017ce ukaza\u0107 prawdziwe zdarzenia. Wystawa zosta\u0142a wsp\u00f3lnie otwarta przez:<strong> Andrzeja Wyczawskiego<\/strong> &#8211; Burmistrza Miasta Jaros\u0142awia,<strong> Jerzego \u015alusarza<\/strong> \u2013 prezesa JTF \u201eAtest 2000\u201d, a zarazem komisarza wystawy, <strong>Teres\u0119 Pi\u0105tek<\/strong> &#8211; dyrektor MOK, <strong>Zofi\u0119 Kolas\u0119<\/strong> &#8211; komisarza wystawy z ramienia MOK, oraz <strong>Tadeusza S\u0142owika<\/strong> &#8211; radnego Rady Miasta Jaros\u0142awia,\u00a0kt\u00f3ry by\u0142 r\u00f3wnie\u017c\u00a0sponsorem wernisa\u017cu. Podczas spotkania Teresa Pi\u0105tek wr\u0119czy\u0142a cz\u0142onkom Jaros\u0142awskiego Towarzystwa Fotograficznego pami\u0105tkowe dyplomy, Jerzy \u015alusarz natomiast zakomunikowa\u0142 zebranym, \u017ce zrezygnowa\u0142 z funkcji prezesa Jaros\u0142awskiego Towarzystwa Fotograficznego \u201eAtest 2000\u201d i og\u0142osi\u0142 konkurs na to stanowisko. Doroczna wystawa skupi\u0142a wiele znakomitych os\u00f3b, przyjaci\u00f3\u0142 fotografik\u00f3w, sympatyk\u00f3w tw\u00f3rczo\u015bci \u201eAtestu 2000\u201d oraz znawc\u00f3w sztuki fotografii.<\/font><\/p>\n<p align=\"right\">Marta Pu\u0144ko &#8211; Macia\u0142ek<br \/>\nBiuro Prasowe Urzedu Miasta Jaros\u0142awia<br \/>\n<span class=\"txt10pxb507BAD\">Serwis fotograficzny<\/span><\/p>\n<hr SIZE=\"1\" noShade=\"true\" color=\"#507bad\" \/>\n<table border=\"0\" width=\"100%\" cellPadding=\"4\" cellSpacing=\"4\">\n<tr>\n<td width=\"300\" align=\"center\"><a href=\"http:\/\/atest.livenet.pl\/press\/wp-content\/uploads\/2007\/12\/01.jpg\" onclick=\"javascript:_gaq.push(['_trackEvent','outbound-article','http:\/\/atest.livenet.pl']);\" title=\"01.jpg\"><img src=\"http:\/\/atest.livenet.pl\/press\/wp-content\/uploads\/2007\/12\/01.thumbnail.jpg\" alt=\"01.jpg\" \/><\/a><a href=\"http:\/\/atest.livenet.pl\/press\/wp-content\/uploads\/2007\/12\/01.jpg\" onclick=\"javascript:_gaq.push(['_trackEvent','outbound-article','http:\/\/atest.livenet.pl']);\" title=\"01.jpg\"><\/a><\/td>\n<td width=\"40%\" vAlign=\"middle\" class=\"justify\">Otwieraj\u0105cy wystaw\u0119: Andrzej Wyczawski, Teresa Pi\u0105tek, Zofia Kolasa, Jerzy \u015alusarz, Tadeusz S\u0142owik.<\/td>\n<\/tr>\n<tr>\n<td width=\"60%\" align=\"center\">\u00a0<\/td>\n<td width=\"40%\" vAlign=\"middle\">\n<hr SIZE=\"1\" noShade=\"true\" color=\"#507bad\" \/><\/td>\n<\/tr>\n<tr>\n<td width=\"300\" align=\"center\"><a href=\"http:\/\/atest.livenet.pl\/press\/wp-content\/uploads\/2007\/12\/02.jpg\" onclick=\"javascript:_gaq.push(['_trackEvent','outbound-article','http:\/\/atest.livenet.pl']);\" title=\"02.jpg\"><img src=\"http:\/\/atest.livenet.pl\/press\/wp-content\/uploads\/2007\/12\/02.thumbnail.jpg\" alt=\"02.jpg\" \/><\/a><a href=\"http:\/\/atest.livenet.pl\/press\/wp-content\/uploads\/2007\/12\/02.jpg\" onclick=\"javascript:_gaq.push(['_trackEvent','outbound-article','http:\/\/atest.livenet.pl']);\" title=\"02.jpg\"><\/a><\/td>\n<td width=\"40%\" vAlign=\"middle\" class=\"justify\">Podziekownia Jerzemu \u015alusarzowi wrecza Zofia Kolasa.<\/td>\n<\/tr>\n<tr>\n<td width=\"60%\" align=\"center\">\u00a0<\/td>\n<td width=\"40%\" vAlign=\"middle\">\n<hr SIZE=\"1\" noShade=\"true\" color=\"#507bad\" \/><\/td>\n<\/tr>\n<tr>\n<td width=\"300\" align=\"center\"><a href=\"http:\/\/atest.livenet.pl\/press\/wp-content\/uploads\/2007\/12\/03.jpg\" onclick=\"javascript:_gaq.push(['_trackEvent','outbound-article','http:\/\/atest.livenet.pl']);\" title=\"03.jpg\"><img src=\"http:\/\/atest.livenet.pl\/press\/wp-content\/uploads\/2007\/12\/03.thumbnail.jpg\" alt=\"03.jpg\" \/><\/a><a href=\"http:\/\/atest.livenet.pl\/press\/wp-content\/uploads\/2007\/12\/03.jpg\" onclick=\"javascript:_gaq.push(['_trackEvent','outbound-article','http:\/\/atest.livenet.pl']);\" title=\"03.jpg\"><\/a><\/td>\n<td width=\"40%\" vAlign=\"middle\" class=\"justify\">Autorzy zdj\u0119\u0107 wraz z sympatykami JTF &#8222;Atest 2000&#8221;.<\/td>\n<\/tr>\n<tr>\n<td width=\"60%\" align=\"center\">\u00a0<\/td>\n<td width=\"40%\" vAlign=\"middle\">\n<hr SIZE=\"1\" noShade=\"true\" color=\"#507bad\" \/><\/td>\n<\/tr>\n<tr>\n<td width=\"300\" align=\"center\"><a href=\"http:\/\/atest.livenet.pl\/press\/wp-content\/uploads\/2007\/12\/04.jpg\" onclick=\"javascript:_gaq.push(['_trackEvent','outbound-article','http:\/\/atest.livenet.pl']);\" title=\"04.jpg\"><img src=\"http:\/\/atest.livenet.pl\/press\/wp-content\/uploads\/2007\/12\/04.thumbnail.jpg\" alt=\"04.jpg\" \/><\/a><a href=\"http:\/\/atest.livenet.pl\/press\/wp-content\/uploads\/2007\/12\/04.jpg\" onclick=\"javascript:_gaq.push(['_trackEvent','outbound-article','http:\/\/atest.livenet.pl']);\" title=\"04.jpg\"><\/a><\/td>\n<td width=\"40%\" vAlign=\"middle\" class=\"justify\">Burmistrz Andrzej Wyczawski i Tadeusz Jamr\u00f3z &#8211; rozmowy o fotografii. Fot. Marta Pu\u0144ko-Macia\u0142ek.<\/td>\n<\/tr>\n<tr>\n<td width=\"60%\" align=\"center\">\u00a0<\/td>\n<td width=\"40%\" vAlign=\"middle\">\n<hr SIZE=\"1\" noShade=\"true\" color=\"#507bad\" \/><\/td>\n<\/tr>\n<\/table>\n","protected":false},"excerpt":{"rendered":"<p>Przedruk z serwisu www.jaroslaw.pl &#8211; 11.12.2006\u00a0 Doroczn\u0105 wystaw\u0119 Jaros\u0142awskiego Towarzystwa Fotograficznego &#8222;Atest 2000&#8221; zatytu\u0142owan\u0105 &#8222;Prezentacje 2006&#8221; mo\u017cna obejrze\u0107 w &#8222;Ma\u0142ej Galerii&#8221;.<\/p>\n","protected":false},"author":1,"featured_media":0,"comment_status":"closed","ping_status":"closed","sticky":false,"template":"","format":"standard","meta":[],"categories":[1],"tags":[],"_links":{"self":[{"href":"http:\/\/atest2000.pl\/index.php?rest_route=\/wp\/v2\/posts\/71"}],"collection":[{"href":"http:\/\/atest2000.pl\/index.php?rest_route=\/wp\/v2\/posts"}],"about":[{"href":"http:\/\/atest2000.pl\/index.php?rest_route=\/wp\/v2\/types\/post"}],"author":[{"embeddable":true,"href":"http:\/\/atest2000.pl\/index.php?rest_route=\/wp\/v2\/users\/1"}],"replies":[{"embeddable":true,"href":"http:\/\/atest2000.pl\/index.php?rest_route=%2Fwp%2Fv2%2Fcomments&post=71"}],"version-history":[{"count":0,"href":"http:\/\/atest2000.pl\/index.php?rest_route=\/wp\/v2\/posts\/71\/revisions"}],"wp:attachment":[{"href":"http:\/\/atest2000.pl\/index.php?rest_route=%2Fwp%2Fv2%2Fmedia&parent=71"}],"wp:term":[{"taxonomy":"category","embeddable":true,"href":"http:\/\/atest2000.pl\/index.php?rest_route=%2Fwp%2Fv2%2Fcategories&post=71"},{"taxonomy":"post_tag","embeddable":true,"href":"http:\/\/atest2000.pl\/index.php?rest_route=%2Fwp%2Fv2%2Ftags&post=71"}],"curies":[{"name":"wp","href":"https:\/\/api.w.org\/{rel}","templated":true}]}}