{"id":44,"date":"2005-01-20T18:17:38","date_gmt":"2005-01-20T16:17:38","guid":{"rendered":"http:\/\/atest2000.pl\/2005\/01\/20\/przez-pryzmat-obiektywu\/"},"modified":"2005-01-20T18:17:38","modified_gmt":"2005-01-20T16:17:38","slug":"przez-pryzmat-obiektywu","status":"publish","type":"post","link":"http:\/\/atest2000.pl\/?p=44","title":{"rendered":"Przez pryzmat obiektywu"},"content":{"rendered":"<p><strong>Nasz Dziennik <\/strong>&#8211; Czwartek, 20 stycznia 2005, Nr 16 (2121)<\/p>\n<h3 align=\"center\">Przez pryzmat obiektywu<\/h3>\n<p align=\"justify\"><strong>&#8222;Kalwaria Pac\u0142awska 2004&#8221; to tytu\u0142 wystawy poplenerowej Jaros\u0142awskiego Towarzystwa Fotograficznego ATEST 2000. Kilkana\u015bcie r\u00f3\u017cnorodnych prac mo\u017cna do ko\u0144ca stycznia ogl\u0105da\u0107 w Ma\u0142ej Galerii Miejskiego O\u015brodka Kultury w Jaros\u0142awiu.<\/strong><\/p>\n<p><!--more--><\/p>\n<table border=\"0\" width=\"100%\" cellPadding=\"0\" cellSpacing=\"0\">\n<tr>\n<td width=\"48%\" vAlign=\"top\">\n<p align=\"justify\">Kalwaria Pac\u0142awska po\u0142o\u017cona po\u015br\u00f3d wzg\u00f3rz i las\u00f3w jest miejscem kultu religijnego nawiedzanym przez pielgrzym\u00f3w zw\u0142aszcza w ramach dorocznego Odpustu Wniebowzi\u0119cia Matki Bo\u017cej. Jednak pi\u0119kno i urok tego miejsca zadziwia i urzeka nie tylko latem. Udowadniaj\u0105 to jaros\u0142awscy fotograficy, kt\u00f3rzy w ramach pleneru fotograficznego odwiedzili kalwaryjskie wzg\u00f3rze jesieni\u0105 ubieg\u0142ego roku. Mimo niesprzyjaj\u0105cej aury i padaj\u0105cego deszczu przez pryzmat obiektywu ukazali specyfik\u0119 kalwaryjskich dr\u00f3\u017cek, kapliczek i tul\u0105cej si\u0119 z wolna do zimowego snu przyrody, kt\u00f3re we mgle budz\u0105cego si\u0119 do \u017cycia dnia i po\u017c\u00f3\u0142k\u0142ych li\u015bci oddaj\u0105 atmosfer\u0119 tego szczeg\u00f3lnego miejsca. Jak\u017ce inaczej w tej jesiennej scenerii rysuje si\u0119 obraz konfesjona\u0142\u00f3w skrytych gdzie\u015b w klasztornych kru\u017cgankach czy wreszcie opustosza\u0142e aleje i samotne o tej porze \u0142aweczki, cisz\u0105 i zadum\u0105 odbiegaj\u0105ce od miejskiego gwaru, kt\u00f3re sprzyjaj\u0105 refleksji. Uwadze fotografik\u00f3w nie usz\u0142y te\u017c malownicze plenery dr\u00f3g i \u0142\u0105k, kt\u00f3re w czasie sierpniowego odpustu przemierzaj\u0105 tysi\u0105ce p\u0105tnik\u00f3w. Teraz puste, jakby wyczekiwa\u0142y czasu pielgrzymki&#8230;<\/p>\n<\/td>\n<td vAlign=\"top\">\u00a0 \u00a0 \u00a0<\/td>\n<td width=\"48%\" vAlign=\"top\">\n<p align=\"justify\">Jak podkre\u015bla Jerzy \u015alusarz, prezes Jaros\u0142awskiego Towarzystwa Fotograficznego ATEST 2000, uczestnikami pleneru by\u0142y osoby bior\u0105ce udzia\u0142 w cotygodniowych spotkaniach, kt\u00f3rym fotografia jest bliska. &#8211; Celem pleneru by\u0142a integracja jaros\u0142awskiego \u015brodowiska fotograficznego, wymiana do\u015bwiadcze\u0144, ale r\u00f3wnie\u017c mobilizacja do tw\u00f3rczej aktywno\u015bci. My\u015bl\u0119, \u017ce cel zosta\u0142 osi\u0105gni\u0119ty, zw\u0142aszcza \u017ce cz\u0119\u015b\u0107 m\u0142odych fotografik\u00f3w uczestniczy\u0142a w plenerze po raz pierwszy, a dowodem na to s\u0105 prezentowane na wystawie zdj\u0119cia &#8211; komentuje Jerzy \u015alusarz. Trzon JTF ATEST 2000 stanowi\u0105 fotograficy, dzia\u0142aj\u0105cy przed laty w jednym z pr\u0119\u017cniej rozwijaj\u0105cych si\u0119 w Polsce Klub\u00f3w Fotograficznych &#8211; ATEST 70. Poprzez organizacj\u0119 wystaw zbiorowych oraz indywidualnych aktywnie uczestnicz\u0105 w \u017cyciu kulturalnym Jaros\u0142awia.<\/p>\n<\/td>\n<\/tr>\n<\/table>\n<p><em>Mariusz Kamieniecki<\/em><em><strong>\u0179r\u00f3d\u0142o:<\/strong> Nasz Dziennik (20 stycznia 2005)<\/em><\/p>\n<p align=\"center\"><a href=\"?p=86\">Wystawa &#8222;Kalwaria Pac\u0142awska&#8221;<br \/>\n<\/a><\/p>\n","protected":false},"excerpt":{"rendered":"<p>Nasz Dziennik &#8211; Czwartek, 20 stycznia 2005, Nr 16 (2121) Przez pryzmat obiektywu &#8222;Kalwaria Pac\u0142awska 2004&#8221; to tytu\u0142 wystawy poplenerowej Jaros\u0142awskiego Towarzystwa Fotograficznego ATEST 2000. Kilkana\u015bcie r\u00f3\u017cnorodnych prac mo\u017cna do ko\u0144ca stycznia ogl\u0105da\u0107 w Ma\u0142ej Galerii Miejskiego O\u015brodka Kultury w &hellip; <a href=\"http:\/\/atest2000.pl\/?p=44\" >Czytaj dalej <span class=\"meta-nav\">&rarr;<\/span><\/a><\/p>\n","protected":false},"author":1,"featured_media":0,"comment_status":"closed","ping_status":"closed","sticky":false,"template":"","format":"standard","meta":[],"categories":[1],"tags":[],"_links":{"self":[{"href":"http:\/\/atest2000.pl\/index.php?rest_route=\/wp\/v2\/posts\/44"}],"collection":[{"href":"http:\/\/atest2000.pl\/index.php?rest_route=\/wp\/v2\/posts"}],"about":[{"href":"http:\/\/atest2000.pl\/index.php?rest_route=\/wp\/v2\/types\/post"}],"author":[{"embeddable":true,"href":"http:\/\/atest2000.pl\/index.php?rest_route=\/wp\/v2\/users\/1"}],"replies":[{"embeddable":true,"href":"http:\/\/atest2000.pl\/index.php?rest_route=%2Fwp%2Fv2%2Fcomments&post=44"}],"version-history":[{"count":0,"href":"http:\/\/atest2000.pl\/index.php?rest_route=\/wp\/v2\/posts\/44\/revisions"}],"wp:attachment":[{"href":"http:\/\/atest2000.pl\/index.php?rest_route=%2Fwp%2Fv2%2Fmedia&parent=44"}],"wp:term":[{"taxonomy":"category","embeddable":true,"href":"http:\/\/atest2000.pl\/index.php?rest_route=%2Fwp%2Fv2%2Fcategories&post=44"},{"taxonomy":"post_tag","embeddable":true,"href":"http:\/\/atest2000.pl\/index.php?rest_route=%2Fwp%2Fv2%2Ftags&post=44"}],"curies":[{"name":"wp","href":"https:\/\/api.w.org\/{rel}","templated":true}]}}