{"id":43,"date":"2005-01-07T14:25:36","date_gmt":"2005-01-07T12:25:36","guid":{"rendered":"http:\/\/atest2000.pl\/2005\/01\/07\/wystawa-kalwaria-paclawska\/"},"modified":"2005-01-07T14:25:36","modified_gmt":"2005-01-07T12:25:36","slug":"wystawa-kalwaria-paclawska","status":"publish","type":"post","link":"http:\/\/atest2000.pl\/?p=43","title":{"rendered":"Wystawa &#34;Kalwaria Pac\u0142awska&#34;"},"content":{"rendered":"<h3 align=\"center\">.:: Poplenerowa wystawa &#8222;KALWARIA PAC\u0141AWSKA&#8221; ::.<\/h3>\n<p>Staraniem Jaros\u0142awskiego Towarzystwa Fotograficznego\u201d ATEST 2000\u201d w\u00a0dniu 9.10.2004 odby\u0142 si\u0119 plener fotograficzny \u201eKalwaria Pac\u0142awska 2004\u201d<br \/>\nUczestnikami pleneru by\u0142y osoby bior\u0105ce udzia\u0142 w\u00a0cotygodniowych spotkaniach \u201eAtestu 2000\u201d, zajmuj\u0105ce si\u0119 fotografi\u0105 zawodowo, a\u00a0tak\u017ce ci, kt\u00f3rym fotografia jest bliska sercu i\u00a0pod okiem do\u015bwiadczonych mistrz\u00f3w chc\u0105 pozna\u0107 jej tajniki.<br \/>\n<!--more--><\/p>\n<p align=\"center\"><a href=\"?p=44\">WI\u0118CEJ o plenerze &#8230;&#8230;&#8230;..<br \/>\n<\/a><\/p>\n<h3 align=\"center\">Prace wystawili:<\/h3>\n<table border=\"0\" align=\"center\" cellPadding=\"5\" cellSpacing=\"0\">\n<tr>\n<td>\n<li>Ola Babi\u015b<\/li>\n<li>Czes\u0142aw Dziadu\u015b<\/li>\n<li>Andrzej Gw\u00f3\u017ad\u017a<\/li>\n<li>Tomasz Iwanowski<\/li>\n<li>Janusz Iwaszek<\/li>\n<li>Ola Jachimska<\/li>\n<li>Jacek Jamr\u00f3z<\/li>\n<\/td>\n<td width=\"40\"><\/td>\n<td>\n<li>Andrzej Kowalski<\/li>\n<li>Ryszard Michno<\/li>\n<li>Janusz Szatko<\/li>\n<li>Jerzy \u015alusarz<\/li>\n<li>Stanis\u0142aw Tkacz<\/li>\n<li>Krzysztof Ziemba<\/li>\n<\/td>\n<\/tr>\n<\/table>\n<hr width=\"90%\" align=\"center\" \/>\n<h3 align=\"center\">Otwarcie wystawy<\/h3>\n<p align=\"center\">[thumb:395:l][thumb:396:l][thumb:397:l][newline] [thumb:398:l][thumb:399:l][thumb:400:l][thumb:401:l][thumb:402:l]<\/p>\n<h3 align=\"center\">:: Prasa o wystawie ::<\/h3>\n<p align=\"center\"><a href=\"http:\/\/atest.livenet.pl\/press\/?p=82\" onclick=\"javascript:_gaq.push(['_trackEvent','outbound-article','http:\/\/atest.livenet.pl']);\">Nasz dziennik<\/a><\/p>\n<table border=\"0\" align=\"center\">\n<tr>\n<td><img src=\"http:\/\/atest.livenet.pl\/press\/wp-content\/uploads\/2007\/10\/galeria2.gif\" \/><\/td>\n<td>Miejski O\u015brodek Kultury w Jaros\u0142awiu<\/td>\n<\/tr>\n<\/table>\n<h3 align=\"center\">Katalog<\/h3>\n<p align=\"center\"><a href=\"http:\/\/atest.livenet.pl\/press\/wp-content\/uploads\/2007\/10\/2005_01_07_a.jpg\" onclick=\"javascript:_gaq.push(['_trackEvent','outbound-article','http:\/\/atest.livenet.pl']);\" title=\"2005_01_07_a.jpg\"><img src=\"http:\/\/atest.livenet.pl\/press\/wp-content\/uploads\/2007\/10\/2005_01_07_a.thumbnail.jpg\" alt=\"2005_01_07_a.jpg\" \/><\/a>\u00a0\u00a0 <a href=\"http:\/\/atest.livenet.pl\/press\/wp-content\/uploads\/2007\/10\/2005_01_07_b.jpg\" onclick=\"javascript:_gaq.push(['_trackEvent','outbound-article','http:\/\/atest.livenet.pl']);\" title=\"2005_01_07_b.jpg\"><img src=\"http:\/\/atest.livenet.pl\/press\/wp-content\/uploads\/2007\/10\/2005_01_07_b.thumbnail.jpg\" alt=\"2005_01_07_b.jpg\" \/><\/a><\/p>\n","protected":false},"excerpt":{"rendered":"<p>.:: Poplenerowa wystawa &#8222;KALWARIA PAC\u0141AWSKA&#8221; ::. Staraniem Jaros\u0142awskiego Towarzystwa Fotograficznego\u201d ATEST 2000\u201d w\u00a0dniu 9.10.2004 odby\u0142 si\u0119 plener fotograficzny \u201eKalwaria Pac\u0142awska 2004\u201d Uczestnikami pleneru by\u0142y osoby bior\u0105ce udzia\u0142 w\u00a0cotygodniowych spotkaniach \u201eAtestu 2000\u201d, zajmuj\u0105ce si\u0119 fotografi\u0105 zawodowo, a\u00a0tak\u017ce ci, kt\u00f3rym fotografia jest &hellip; <a href=\"http:\/\/atest2000.pl\/?p=43\" >Czytaj dalej <span class=\"meta-nav\">&rarr;<\/span><\/a><\/p>\n","protected":false},"author":1,"featured_media":0,"comment_status":"closed","ping_status":"closed","sticky":false,"template":"","format":"standard","meta":[],"categories":[1],"tags":[],"_links":{"self":[{"href":"http:\/\/atest2000.pl\/index.php?rest_route=\/wp\/v2\/posts\/43"}],"collection":[{"href":"http:\/\/atest2000.pl\/index.php?rest_route=\/wp\/v2\/posts"}],"about":[{"href":"http:\/\/atest2000.pl\/index.php?rest_route=\/wp\/v2\/types\/post"}],"author":[{"embeddable":true,"href":"http:\/\/atest2000.pl\/index.php?rest_route=\/wp\/v2\/users\/1"}],"replies":[{"embeddable":true,"href":"http:\/\/atest2000.pl\/index.php?rest_route=%2Fwp%2Fv2%2Fcomments&post=43"}],"version-history":[{"count":0,"href":"http:\/\/atest2000.pl\/index.php?rest_route=\/wp\/v2\/posts\/43\/revisions"}],"wp:attachment":[{"href":"http:\/\/atest2000.pl\/index.php?rest_route=%2Fwp%2Fv2%2Fmedia&parent=43"}],"wp:term":[{"taxonomy":"category","embeddable":true,"href":"http:\/\/atest2000.pl\/index.php?rest_route=%2Fwp%2Fv2%2Fcategories&post=43"},{"taxonomy":"post_tag","embeddable":true,"href":"http:\/\/atest2000.pl\/index.php?rest_route=%2Fwp%2Fv2%2Ftags&post=43"}],"curies":[{"name":"wp","href":"https:\/\/api.w.org\/{rel}","templated":true}]}}