{"id":39,"date":"2004-11-11T18:47:22","date_gmt":"2004-11-11T16:47:22","guid":{"rendered":"http:\/\/atest2000.pl\/2004\/11\/11\/spotkanie-klubowe-2\/"},"modified":"2004-11-11T18:47:22","modified_gmt":"2004-11-11T16:47:22","slug":"spotkanie-klubowe-2","status":"publish","type":"post","link":"http:\/\/atest2000.pl\/?p=39","title":{"rendered":"Spotkanie Klubowe"},"content":{"rendered":"<h3 align=\"center\">.:: Spotkanie Klubowe w dniu 08.11.2004 ::.<\/h3>\n<p><!--more--><br \/>\n[thumb:444:l]<\/p>\n<p align=\"justify\">Tym razem, tematem jedenastego ju\u017c w tym roku konkursu, by\u0142 wyb\u00f3r najlepszego zdj\u0119cia, spo\u015br\u00f3d zdj\u0119\u0107 kt\u00f3re wykonano podczas pleneru fotograficznego \u201eKalwaria Pac\u0142awska 2004\u201d. Ostatecznie w konkursie wzi\u0119\u0142o udzia\u0142 26 prac, prezentowanych przez dwunastu autor\u00f3w.<br \/>\nZ du\u017c\u0105 przewag\u0105 g\u0142os\u00f3w zwyci\u0119\u017cy\u0142a praca pt. \u201eZI\u0141 &#8211; wspomnie\u0144 czar\u201d, kt\u00f3rej autorem jest Janusz Iwaszek. Tym razem Pan Janusz zaskoczy\u0142 wszystkich innym ni\u017c zazwyczaj spojrzeniem na otaczaj\u0105c\u0105 nas rzeczywisto\u015b\u0107, nawi\u0105zuj\u0105c w subiektywnej ocenie relacjonuj\u0105cego, do \u201ewykpienia\u201d socrealistycznego sposobu przekazu, na kt\u00f3ry sk\u0142ada\u0142o si\u0119 m.in. uprzywilejowanie tematyki pracy. Patrz\u0105c na wys\u0142u\u017conego \u201eZi\u0142a\u201d, opok\u0119 minionego ustroju, nie mo\u017cna mie\u0107 w\u0105tpliwo\u015bci, i\u017c zdj\u0119cie jest po prostu dobre. A swoj\u0105 drog\u0105 \u201eZi\u0142\u201d te\u017c ma si\u0119 dobrze i nadal dzielnie s\u0142u\u017cy pracownikom wypalaj\u0105cym w\u0119giel drzewny w bieszczadzkiej miejscowo\u015bci Makowa.<\/p>\n<p align=\"justify\">Uczestnikiem ostatniego spotkania by\u0142a Pan Jacek Szwic znany i ceniony artysta fotografik, cz\u0142onek m.inn. nieformalnej grupy Black &amp; White, zrzeszaj\u0105cej fotografik\u00f3w z Ukrainy, S\u0142owacji i Przemy\u015bla. Grupa dzia\u0142a w spos\u00f3b lu\u017any i jedno co \u0142\u0105czy jej cz\u0142onk\u00f3w, to pasja ukazywania w artystyczny spos\u00f3b wizji otaczaj\u0105cego nas \u015bwiata, poprzez fotografi\u0119 czarno &#8211; bia\u0142\u0105, obrabian\u0105 w spos\u00f3b tradycyjny, tj w ciemni z udzia\u0142em powi\u0119kszalnika. Grupa realizuje projekty zako\u0144czone wystawami, a cz\u0119sto tak\u017ce wydaniem albumu. Co dwa lata organizowane s\u0105 sta\u0142e wystawy na kt\u00f3re sk\u0142ada si\u0119 bie\u017c\u0105cy dorobek cz\u0142onk\u00f3w grupy. Pan Jacek Szwic namawia wszystkich ch\u0119tnych, czuj\u0105cych si\u0119 na si\u0142ach i chc\u0105cych uprawia\u0107 ten rodzaj fotografii, do przes\u0142ania swoich prac, jako akcesu do ewentualnego, przysz\u0142ego cz\u0142onkostwa w grupie.<\/p>\n<p align=\"justify\">Jednym z kolejnych projekt\u00f3w Pana Szwica jest zebranie materia\u0142\u00f3w do wydania albumu \u201eOpowie\u015b\u0107 o Jaros\u0142awiu\u201d, widzianej obiektywami jaros\u0142awskich autor\u00f3w, na kt\u00f3ry to album sk\u0142ada\u0107 si\u0119 b\u0119d\u0105 zdj\u0119cia prezentuj\u0105ce miasto, jego architektur\u0119, detale, ludzi, cztery pory roku w mie\u015bcie itd., fotografowane w spos\u00f3b osobisty \u2013 inaczej ni\u017c prezentuj\u0105 to tradycyjne albumy ukazuj\u0105ce dane miejscowo\u015bci. Tutaj tak\u017ce wszyscy ch\u0119tni mog\u0105 nadsy\u0142a\u0107 swoje propozycje. Jest tylko jeden warunek &#8211; zdj\u0119cia nie mog\u0105 by\u0107 obrabiane cyfrowo i powinny prezentowa\u0107 rzeczywisto\u015b\u0107 najbardziej zbli\u017con\u0105 do realnej, zastanej w danym momencie.<\/p>\n<p align=\"right\"><em>opracowa\u0142: dla &#8222;Gazety Jaros\u0142awskiej&#8221; &#8211; Stanis\u0142aw Tkacz<br \/>\n<\/em><\/p>\n","protected":false},"excerpt":{"rendered":"<p>.:: Spotkanie Klubowe w dniu 08.11.2004 ::.<\/p>\n","protected":false},"author":1,"featured_media":0,"comment_status":"closed","ping_status":"closed","sticky":false,"template":"","format":"standard","meta":[],"categories":[1],"tags":[],"_links":{"self":[{"href":"http:\/\/atest2000.pl\/index.php?rest_route=\/wp\/v2\/posts\/39"}],"collection":[{"href":"http:\/\/atest2000.pl\/index.php?rest_route=\/wp\/v2\/posts"}],"about":[{"href":"http:\/\/atest2000.pl\/index.php?rest_route=\/wp\/v2\/types\/post"}],"author":[{"embeddable":true,"href":"http:\/\/atest2000.pl\/index.php?rest_route=\/wp\/v2\/users\/1"}],"replies":[{"embeddable":true,"href":"http:\/\/atest2000.pl\/index.php?rest_route=%2Fwp%2Fv2%2Fcomments&post=39"}],"version-history":[{"count":0,"href":"http:\/\/atest2000.pl\/index.php?rest_route=\/wp\/v2\/posts\/39\/revisions"}],"wp:attachment":[{"href":"http:\/\/atest2000.pl\/index.php?rest_route=%2Fwp%2Fv2%2Fmedia&parent=39"}],"wp:term":[{"taxonomy":"category","embeddable":true,"href":"http:\/\/atest2000.pl\/index.php?rest_route=%2Fwp%2Fv2%2Fcategories&post=39"},{"taxonomy":"post_tag","embeddable":true,"href":"http:\/\/atest2000.pl\/index.php?rest_route=%2Fwp%2Fv2%2Ftags&post=39"}],"curies":[{"name":"wp","href":"https:\/\/api.w.org\/{rel}","templated":true}]}}