{"id":368,"date":"2014-01-17T20:59:17","date_gmt":"2014-01-17T19:59:17","guid":{"rendered":"http:\/\/atest2000.pl\/?p=368"},"modified":"2014-01-25T13:07:21","modified_gmt":"2014-01-25T12:07:21","slug":"prezentacje-2013-bieszczady","status":"publish","type":"post","link":"http:\/\/atest2000.pl\/?p=368","title":{"rendered":"Prezentacje 2013 &#8211; Bieszczady"},"content":{"rendered":"<p style=\"text-align: center;\">W <a href=\"http:\/\/www.mok-jar.pl\/fotografia\/id865,Prezentacje.-Wystawa-fotografii-Bieszczady-JTF-Atest-2000.html\" onclick=\"javascript:_gaq.push(['_trackEvent','outbound-article','http:\/\/www.mok-jar.pl']);\" target=\"_blank\">Miejskim O\u015brodku Kultury w Jaros\u0142awiu<\/a> JTF Atest 2000 prezentuje swoj\u0105 doroczn\u0105 wystaw\u0119 fotograficzn\u0105, kt\u00f3rej tematyk\u0105 s\u0105 g\u00f3ry Bieszczady.<\/p>\n<p style=\"text-align: center;\">Zapraszamy do zwiedzania w terminie 18 stycznia-15 lutego 2014 r.<\/p>\n<p style=\"text-align: center;\"><a href=\"http:\/\/atest2000.pl\/wp-content\/uploads\/2014\/01\/CCI20140114.jpg\" ><img loading=\"lazy\" class=\"aligncenter size-full wp-image-373\" alt=\"CCI20140114\" src=\"http:\/\/atest2000.pl\/wp-content\/uploads\/2014\/01\/CCI20140114.jpg\" width=\"425\" height=\"600\" srcset=\"http:\/\/atest2000.pl\/wp-content\/uploads\/2014\/01\/CCI20140114.jpg 425w, http:\/\/atest2000.pl\/wp-content\/uploads\/2014\/01\/CCI20140114-212x300.jpg 212w\" sizes=\"(max-width: 425px) 100vw, 425px\" \/><\/a><\/p>\n<p style=\"text-align: center;\"><a href=\"http:\/\/atest2000.pl\/wp-content\/uploads\/2014\/01\/Janusz-Iwaszek.jpg\" ><img loading=\"lazy\" class=\"aligncenter size-full wp-image-369\" alt=\"Janusz-Iwaszek\" src=\"http:\/\/atest2000.pl\/wp-content\/uploads\/2014\/01\/Janusz-Iwaszek.jpg\" width=\"800\" height=\"534\" srcset=\"http:\/\/atest2000.pl\/wp-content\/uploads\/2014\/01\/Janusz-Iwaszek.jpg 800w, http:\/\/atest2000.pl\/wp-content\/uploads\/2014\/01\/Janusz-Iwaszek-300x200.jpg 300w, http:\/\/atest2000.pl\/wp-content\/uploads\/2014\/01\/Janusz-Iwaszek-449x300.jpg 449w\" sizes=\"(max-width: 800px) 100vw, 800px\" \/><\/a> <a href=\"http:\/\/atest2000.pl\/wp-content\/uploads\/2014\/01\/Piotr-Stasie\u0144ko.jpg\" ><img loading=\"lazy\" class=\"aligncenter size-full wp-image-370\" alt=\"Piotr-Stasie\u0144ko\" src=\"http:\/\/atest2000.pl\/wp-content\/uploads\/2014\/01\/Piotr-Stasie\u0144ko.jpg\" width=\"800\" height=\"534\" srcset=\"http:\/\/atest2000.pl\/wp-content\/uploads\/2014\/01\/Piotr-Stasie\u0144ko.jpg 800w, http:\/\/atest2000.pl\/wp-content\/uploads\/2014\/01\/Piotr-Stasie\u0144ko-300x200.jpg 300w, http:\/\/atest2000.pl\/wp-content\/uploads\/2014\/01\/Piotr-Stasie\u0144ko-449x300.jpg 449w\" sizes=\"(max-width: 800px) 100vw, 800px\" \/><\/a> <a href=\"http:\/\/atest2000.pl\/wp-content\/uploads\/2014\/01\/Jan-\u015amigielski.jpg\" ><img loading=\"lazy\" class=\"aligncenter size-full wp-image-371\" alt=\"Jan-\u015amigielski\" src=\"http:\/\/atest2000.pl\/wp-content\/uploads\/2014\/01\/Jan-\u015amigielski.jpg\" width=\"800\" height=\"534\" srcset=\"http:\/\/atest2000.pl\/wp-content\/uploads\/2014\/01\/Jan-\u015amigielski.jpg 800w, http:\/\/atest2000.pl\/wp-content\/uploads\/2014\/01\/Jan-\u015amigielski-300x200.jpg 300w, http:\/\/atest2000.pl\/wp-content\/uploads\/2014\/01\/Jan-\u015amigielski-449x300.jpg 449w\" sizes=\"(max-width: 800px) 100vw, 800px\" \/><\/a> <a href=\"http:\/\/atest2000.pl\/wp-content\/uploads\/2014\/01\/AGW_3820.jpg\" ><img loading=\"lazy\" class=\"aligncenter size-full wp-image-372\" alt=\"AGW_3820\" src=\"http:\/\/atest2000.pl\/wp-content\/uploads\/2014\/01\/AGW_3820.jpg\" width=\"800\" height=\"533\" srcset=\"http:\/\/atest2000.pl\/wp-content\/uploads\/2014\/01\/AGW_3820.jpg 800w, http:\/\/atest2000.pl\/wp-content\/uploads\/2014\/01\/AGW_3820-300x199.jpg 300w, http:\/\/atest2000.pl\/wp-content\/uploads\/2014\/01\/AGW_3820-450x300.jpg 450w\" sizes=\"(max-width: 800px) 100vw, 800px\" \/><\/a><\/p>\n<p style=\"text-align: center;\">\n","protected":false},"excerpt":{"rendered":"<p>W Miejskim O\u015brodku Kultury w Jaros\u0142awiu JTF Atest 2000 prezentuje swoj\u0105 doroczn\u0105 wystaw\u0119 fotograficzn\u0105, kt\u00f3rej tematyk\u0105 s\u0105 g\u00f3ry Bieszczady. Zapraszamy do zwiedzania w terminie 18 stycznia-15 lutego 2014 r.<\/p>\n","protected":false},"author":1,"featured_media":0,"comment_status":"open","ping_status":"open","sticky":false,"template":"","format":"standard","meta":[],"categories":[10,9],"tags":[],"_links":{"self":[{"href":"http:\/\/atest2000.pl\/index.php?rest_route=\/wp\/v2\/posts\/368"}],"collection":[{"href":"http:\/\/atest2000.pl\/index.php?rest_route=\/wp\/v2\/posts"}],"about":[{"href":"http:\/\/atest2000.pl\/index.php?rest_route=\/wp\/v2\/types\/post"}],"author":[{"embeddable":true,"href":"http:\/\/atest2000.pl\/index.php?rest_route=\/wp\/v2\/users\/1"}],"replies":[{"embeddable":true,"href":"http:\/\/atest2000.pl\/index.php?rest_route=%2Fwp%2Fv2%2Fcomments&post=368"}],"version-history":[{"count":3,"href":"http:\/\/atest2000.pl\/index.php?rest_route=\/wp\/v2\/posts\/368\/revisions"}],"predecessor-version":[{"id":376,"href":"http:\/\/atest2000.pl\/index.php?rest_route=\/wp\/v2\/posts\/368\/revisions\/376"}],"wp:attachment":[{"href":"http:\/\/atest2000.pl\/index.php?rest_route=%2Fwp%2Fv2%2Fmedia&parent=368"}],"wp:term":[{"taxonomy":"category","embeddable":true,"href":"http:\/\/atest2000.pl\/index.php?rest_route=%2Fwp%2Fv2%2Fcategories&post=368"},{"taxonomy":"post_tag","embeddable":true,"href":"http:\/\/atest2000.pl\/index.php?rest_route=%2Fwp%2Fv2%2Ftags&post=368"}],"curies":[{"name":"wp","href":"https:\/\/api.w.org\/{rel}","templated":true}]}}