{"id":252,"date":"2012-12-14T22:37:26","date_gmt":"2012-12-14T21:37:26","guid":{"rendered":"http:\/\/atest2000.pl\/?p=252"},"modified":"2012-12-16T18:46:03","modified_gmt":"2012-12-16T17:46:03","slug":"prezentacje-2012","status":"publish","type":"post","link":"http:\/\/atest2000.pl\/?p=252","title":{"rendered":"Prezentacje 2012"},"content":{"rendered":"<p style=\"text-align: center;\">W dniu 14 grudnia 2012 r. w MOK Jaros\u0142aw odby\u0142 si\u0119 wernisa\u017c fotografii Atestu pt. &#8222;Dok\u0105d idziesz Polsko?&#8221; Zaprezentowano fotografie\u00a0reporta\u017cowe\u00a0z szeregu marszy i manifestacji spo\u0142ecznych, kt\u00f3re odby\u0142y si\u0119 w\u00a0stolicach\u00a0r\u00f3\u017cnych miast europejskich oraz Jaros\u0142awiu.<\/p>\n<p style=\"text-align: center;\"><a href=\"http:\/\/atest2000.pl\/wp-content\/uploads\/2012\/12\/DSC_4108.jpg\" ><img loading=\"lazy\" class=\"aligncenter size-full wp-image-253\" title=\"DSC_4108\" src=\"http:\/\/atest2000.pl\/wp-content\/uploads\/2012\/12\/DSC_4108.jpg\" alt=\"\" width=\"800\" height=\"533\" srcset=\"http:\/\/atest2000.pl\/wp-content\/uploads\/2012\/12\/DSC_4108.jpg 800w, http:\/\/atest2000.pl\/wp-content\/uploads\/2012\/12\/DSC_4108-300x199.jpg 300w, http:\/\/atest2000.pl\/wp-content\/uploads\/2012\/12\/DSC_4108-450x300.jpg 450w\" sizes=\"(max-width: 800px) 100vw, 800px\" \/><\/a><\/p>\n<p style=\"text-align: center;\"><a href=\"http:\/\/atest2000.pl\/wp-content\/uploads\/2012\/12\/DSC_4110.jpg\" ><img loading=\"lazy\" class=\"aligncenter size-full wp-image-254\" title=\"DSC_4110\" src=\"http:\/\/atest2000.pl\/wp-content\/uploads\/2012\/12\/DSC_4110.jpg\" alt=\"\" width=\"800\" height=\"533\" srcset=\"http:\/\/atest2000.pl\/wp-content\/uploads\/2012\/12\/DSC_4110.jpg 800w, http:\/\/atest2000.pl\/wp-content\/uploads\/2012\/12\/DSC_4110-300x199.jpg 300w, http:\/\/atest2000.pl\/wp-content\/uploads\/2012\/12\/DSC_4110-450x300.jpg 450w\" sizes=\"(max-width: 800px) 100vw, 800px\" \/><\/a><\/p>\n<p style=\"text-align: center;\"><a href=\"http:\/\/atest2000.pl\/wp-content\/uploads\/2012\/12\/DSC_4068.jpg\" ><img loading=\"lazy\" class=\"aligncenter size-full wp-image-255\" title=\"DSC_4068\" src=\"http:\/\/atest2000.pl\/wp-content\/uploads\/2012\/12\/DSC_4068.jpg\" alt=\"\" width=\"800\" height=\"533\" srcset=\"http:\/\/atest2000.pl\/wp-content\/uploads\/2012\/12\/DSC_4068.jpg 800w, http:\/\/atest2000.pl\/wp-content\/uploads\/2012\/12\/DSC_4068-300x199.jpg 300w, http:\/\/atest2000.pl\/wp-content\/uploads\/2012\/12\/DSC_4068-450x300.jpg 450w\" sizes=\"(max-width: 800px) 100vw, 800px\" \/><\/a><\/p>\n","protected":false},"excerpt":{"rendered":"<p>W dniu 14 grudnia 2012 r. w MOK Jaros\u0142aw odby\u0142 si\u0119 wernisa\u017c fotografii Atestu pt. &#8222;Dok\u0105d idziesz Polsko?&#8221; Zaprezentowano fotografie\u00a0reporta\u017cowe\u00a0z szeregu marszy i manifestacji spo\u0142ecznych, kt\u00f3re odby\u0142y si\u0119 w\u00a0stolicach\u00a0r\u00f3\u017cnych miast europejskich oraz Jaros\u0142awiu.<\/p>\n","protected":false},"author":1,"featured_media":253,"comment_status":"open","ping_status":"open","sticky":false,"template":"","format":"standard","meta":[],"categories":[8,9],"tags":[],"_links":{"self":[{"href":"http:\/\/atest2000.pl\/index.php?rest_route=\/wp\/v2\/posts\/252"}],"collection":[{"href":"http:\/\/atest2000.pl\/index.php?rest_route=\/wp\/v2\/posts"}],"about":[{"href":"http:\/\/atest2000.pl\/index.php?rest_route=\/wp\/v2\/types\/post"}],"author":[{"embeddable":true,"href":"http:\/\/atest2000.pl\/index.php?rest_route=\/wp\/v2\/users\/1"}],"replies":[{"embeddable":true,"href":"http:\/\/atest2000.pl\/index.php?rest_route=%2Fwp%2Fv2%2Fcomments&post=252"}],"version-history":[{"count":3,"href":"http:\/\/atest2000.pl\/index.php?rest_route=\/wp\/v2\/posts\/252\/revisions"}],"predecessor-version":[{"id":258,"href":"http:\/\/atest2000.pl\/index.php?rest_route=\/wp\/v2\/posts\/252\/revisions\/258"}],"wp:featuredmedia":[{"embeddable":true,"href":"http:\/\/atest2000.pl\/index.php?rest_route=\/wp\/v2\/media\/253"}],"wp:attachment":[{"href":"http:\/\/atest2000.pl\/index.php?rest_route=%2Fwp%2Fv2%2Fmedia&parent=252"}],"wp:term":[{"taxonomy":"category","embeddable":true,"href":"http:\/\/atest2000.pl\/index.php?rest_route=%2Fwp%2Fv2%2Fcategories&post=252"},{"taxonomy":"post_tag","embeddable":true,"href":"http:\/\/atest2000.pl\/index.php?rest_route=%2Fwp%2Fv2%2Ftags&post=252"}],"curies":[{"name":"wp","href":"https:\/\/api.w.org\/{rel}","templated":true}]}}