{"id":132,"date":"2010-11-28T17:39:13","date_gmt":"2010-11-28T16:39:13","guid":{"rendered":"http:\/\/atest2000.pl\/?p=132"},"modified":"2010-11-28T17:39:13","modified_gmt":"2010-11-28T16:39:13","slug":"witaj-swiecie-2","status":"publish","type":"post","link":"http:\/\/atest2000.pl\/?p=132","title":{"rendered":"Prezentacje 2010"},"content":{"rendered":"<p style=\"text-align: left\"><font class=\"Apple-style-span\" color=\"#2B2C1B\" face=\"Verdana, Geneva, Arial, Helvetica, sans-serif\" size=\"3\"><span class=\"Apple-style-span\" style=\"font-size: 13px; line-height: normal\">W dniu 17 grudnia 2010 r. o godz. 18 w Ma\u0142ej Galerii Miejskiego O\u015brodka Kultury w Jaros\u0142awiu odb\u0119dzie si\u0119 wernisa\u017c dorocznej wystawy JTF ATEST 2000. Klubowicze zaprezentuj\u0105 fotografie zwi\u0105zane z produkcj\u0105 filmu &#8222;<a href=\"http:\/\/www.tvp.pl\/seriale\/sensacyjne\/1920-wojna-i-milosc\" onclick=\"javascript:_gaq.push(['_trackEvent','outbound-article','http:\/\/www.tvp.pl']);\" target=\"_blank\">1920.Wojna i mi\u0142o\u015b\u0107<\/a>&#8222;.<\/span><\/font><\/p>\n<p style=\"text-align: center\"><span style=\"font-family: Verdana, Geneva, Arial, Helvetica, sans-serif; line-height: normal; font-size: 13px; color: #2b2c1b\" class=\"Apple-style-span\"><span style=\"white-space: pre\" class=\"Apple-tab-span\"><span class=\"Apple-style-span\" style=\"color: #000000; font-family: Georgia, 'Times New Roman', Times, serif; white-space: normal; font-size: 16px; line-height: 20px\"><a href=\"http:\/\/atest2000.pl\/__oneclick_uploads\/2010\/11\/2010_09_09_17-56_00089.jpg\"  title=\"2010_09_09_17-56_00089.jpg\"><span class=\"Apple-style-span\" style=\"color: #000000; -webkit-text-decorations-in-effect: none\"><span class=\"Apple-style-span\" style=\"font-family: Verdana, Geneva, Arial, Helvetica, sans-serif; line-height: normal; font-size: 13px; color: #2b2c1b\"><\/span><\/span><img src=\"http:\/\/atest2000.pl\/__oneclick_uploads\/2010\/11\/2010_09_09_17-56_00089.jpg\" alt=\"2010_09_09_17-56_00089.jpg\" \/><\/a><\/span>\t<\/span><\/span><\/p>\n","protected":false},"excerpt":{"rendered":"<p>W dniu 17 grudnia 2010 r. o godz. 18 w Ma\u0142ej Galerii Miejskiego O\u015brodka Kultury w Jaros\u0142awiu odb\u0119dzie si\u0119 wernisa\u017c dorocznej wystawy JTF ATEST 2000. Klubowicze zaprezentuj\u0105 fotografie zwi\u0105zane z produkcj\u0105 filmu &#8222;1920.Wojna i mi\u0142o\u015b\u0107&#8222;.<\/p>\n","protected":false},"author":1,"featured_media":0,"comment_status":"open","ping_status":"open","sticky":false,"template":"","format":"standard","meta":[],"categories":[1],"tags":[],"_links":{"self":[{"href":"http:\/\/atest2000.pl\/index.php?rest_route=\/wp\/v2\/posts\/132"}],"collection":[{"href":"http:\/\/atest2000.pl\/index.php?rest_route=\/wp\/v2\/posts"}],"about":[{"href":"http:\/\/atest2000.pl\/index.php?rest_route=\/wp\/v2\/types\/post"}],"author":[{"embeddable":true,"href":"http:\/\/atest2000.pl\/index.php?rest_route=\/wp\/v2\/users\/1"}],"replies":[{"embeddable":true,"href":"http:\/\/atest2000.pl\/index.php?rest_route=%2Fwp%2Fv2%2Fcomments&post=132"}],"version-history":[{"count":0,"href":"http:\/\/atest2000.pl\/index.php?rest_route=\/wp\/v2\/posts\/132\/revisions"}],"wp:attachment":[{"href":"http:\/\/atest2000.pl\/index.php?rest_route=%2Fwp%2Fv2%2Fmedia&parent=132"}],"wp:term":[{"taxonomy":"category","embeddable":true,"href":"http:\/\/atest2000.pl\/index.php?rest_route=%2Fwp%2Fv2%2Fcategories&post=132"},{"taxonomy":"post_tag","embeddable":true,"href":"http:\/\/atest2000.pl\/index.php?rest_route=%2Fwp%2Fv2%2Ftags&post=132"}],"curies":[{"name":"wp","href":"https:\/\/api.w.org\/{rel}","templated":true}]}}