{"id":131,"date":"2009-12-18T22:29:04","date_gmt":"2009-12-18T21:29:04","guid":{"rendered":"http:\/\/atest2000.pl\/2009\/12\/18\/prezentacje-2009\/"},"modified":"2009-12-18T22:29:04","modified_gmt":"2009-12-18T21:29:04","slug":"prezentacje-2009","status":"publish","type":"post","link":"http:\/\/atest2000.pl\/?p=131","title":{"rendered":"Prezentacje 2009"},"content":{"rendered":"<p style=\"text-align: left;\">W dniu 18 grudnia 2009 r. o godz. 18 w Ma\u0142ej Galerii Miejskiego O\u015brodka Kultury w Jaros\u0142awiu odby\u0142 si\u0119 wernisa\u017c dorocznej wystawy JTF ATEST 2000. Jedenastu klubowicz\u00f3w zaprezentowa\u0142o kilkadziesi\u0105t swoich najlepszych fotografii wykonanych w mijaj\u0105cym roku. Kilkana\u015bcie fotografii mia\u0142o form\u0119 panoramy, kilka \u00a0by\u0142o czarno-bia\u0142ych a ich tematyka obejmowa\u0142a portret, przyrod\u0119, reporta\u017c i krajobraz.<\/p>\n<p><!--more--><\/p>\n<p style=\"text-align: center;\"><a href=\"wp-content\/uploads\/2009\/12\/jacek-jamraz.jpg\"><img loading=\"lazy\" class=\"aligncenter size-thumbnail wp-image-311\" title=\"Jacek Jamr\u00f3z\" src=\"wp-content\/uploads\/2009\/12\/jacek-jamraz-150x150.jpg\" alt=\"Jacek Jamr\u00f3z\" width=\"150\" height=\"150\" \/> <\/a><a href=\"wp-content\/uploads\/2009\/12\/mateusz-wajtaw-2.jpg\"><img loading=\"lazy\" class=\"aligncenter size-thumbnail wp-image-317\" title=\"Mateusz W\u00f3jt\u00f3w\" src=\"wp-content\/uploads\/2009\/12\/mateusz-wajtaw-2-150x150.jpg\" alt=\"Mateusz W\u00f3jt\u00f3w\" width=\"150\" height=\"150\" \/><\/a> <a href=\"wp-content\/uploads\/2009\/12\/stanisaaw-tkacz.jpg\"><img loading=\"lazy\" class=\"aligncenter size-thumbnail wp-image-318\" title=\"Stanis\u0142aw Tkacz\" src=\"wp-content\/uploads\/2009\/12\/stanisaaw-tkacz-150x150.jpg\" alt=\"Stanis\u0142aw Tkacz\" width=\"150\" height=\"150\" \/> <\/a><\/p>\n","protected":false},"excerpt":{"rendered":"<p>W dniu 18 grudnia 2009 r. o godz. 18 w Ma\u0142ej Galerii Miejskiego O\u015brodka Kultury w Jaros\u0142awiu odby\u0142 si\u0119 wernisa\u017c dorocznej wystawy JTF ATEST 2000. Jedenastu klubowicz\u00f3w zaprezentowa\u0142o kilkadziesi\u0105t swoich najlepszych fotografii wykonanych w mijaj\u0105cym roku. Kilkana\u015bcie fotografii mia\u0142o form\u0119 &hellip; <a href=\"http:\/\/atest2000.pl\/?p=131\" >Czytaj dalej <span class=\"meta-nav\">&rarr;<\/span><\/a><\/p>\n","protected":false},"author":1,"featured_media":0,"comment_status":"closed","ping_status":"closed","sticky":false,"template":"","format":"standard","meta":[],"categories":[1],"tags":[],"_links":{"self":[{"href":"http:\/\/atest2000.pl\/index.php?rest_route=\/wp\/v2\/posts\/131"}],"collection":[{"href":"http:\/\/atest2000.pl\/index.php?rest_route=\/wp\/v2\/posts"}],"about":[{"href":"http:\/\/atest2000.pl\/index.php?rest_route=\/wp\/v2\/types\/post"}],"author":[{"embeddable":true,"href":"http:\/\/atest2000.pl\/index.php?rest_route=\/wp\/v2\/users\/1"}],"replies":[{"embeddable":true,"href":"http:\/\/atest2000.pl\/index.php?rest_route=%2Fwp%2Fv2%2Fcomments&post=131"}],"version-history":[{"count":0,"href":"http:\/\/atest2000.pl\/index.php?rest_route=\/wp\/v2\/posts\/131\/revisions"}],"wp:attachment":[{"href":"http:\/\/atest2000.pl\/index.php?rest_route=%2Fwp%2Fv2%2Fmedia&parent=131"}],"wp:term":[{"taxonomy":"category","embeddable":true,"href":"http:\/\/atest2000.pl\/index.php?rest_route=%2Fwp%2Fv2%2Fcategories&post=131"},{"taxonomy":"post_tag","embeddable":true,"href":"http:\/\/atest2000.pl\/index.php?rest_route=%2Fwp%2Fv2%2Ftags&post=131"}],"curies":[{"name":"wp","href":"https:\/\/api.w.org\/{rel}","templated":true}]}}